{"id":7479,"date":"2026-08-05T14:30:00","date_gmt":"2026-08-05T14:30:00","guid":{"rendered":"https:\/\/www.gestorloja.com.br\/blog\/?p=7479"},"modified":"2026-08-05T11:30:05","modified_gmt":"2026-08-05T14:30:05","slug":"reforma-tributaria-consumo-guia-cbs-ibs-is","status":"publish","type":"post","link":"https:\/\/www.gestorloja.com.br\/blog\/reforma-tributaria-consumo-guia-cbs-ibs-is\/","title":{"rendered":"Reforma Tribut\u00e1ria do Consumo: guia pr\u00e1tico sobre CBS, IBS e IS"},"content":{"rendered":"<p>Eu acompanho temas fiscais h\u00e1 anos e posso dizer algo sem exagero: a Reforma Tribut\u00e1ria do Consumo muda a l\u00f3gica de cobran\u00e7a sobre bens e servi\u00e7os no Brasil. Para quem tem loja f\u00edsica, virtual ou opera nos dois canais, isso mexe com cadastro, emiss\u00e3o fiscal, pre\u00e7o, cr\u00e9dito tribut\u00e1rio e rotina de confer\u00eancia. \u00c9 justamente por isso que sistemas de gest\u00e3o, como o Gestor Loja, passam a ter ainda mais valor no dia a dia.<\/p>\n<p><strong>A reforma cria tr\u00eas novos tributos: CBS, IBS e IS, com a proposta de simplificar o sistema e dar mais clareza para empresas e consumidores.<\/strong><\/p>\n<p>Na pr\u00e1tica, a CBS ser\u00e1 federal. O IBS ter\u00e1 gest\u00e3o estadual e municipal. J\u00e1 o IS, tamb\u00e9m federal, nasce com outro foco: desestimular o consumo de itens prejudiciais \u00e0 sa\u00fade e ao meio ambiente, alcan\u00e7ando produ\u00e7\u00e3o, extra\u00e7\u00e3o, comercializa\u00e7\u00e3o e importa\u00e7\u00e3o dessas mercadorias.<\/p>\n<h2>O que muda no sistema atual<\/h2>\n<p>Quando eu converso com lojistas, percebo a mesma d\u00favida: quais tributos saem de cena? A resposta exige aten\u00e7\u00e3o. A reforma prev\u00ea a extin\u00e7\u00e3o de PIS\/PASEP, Cofins, ICMS e ISSQN. O IPI tamb\u00e9m perde espa\u00e7o e, a partir de 2027, ter\u00e1 al\u00edquota reduzida a zero, com exce\u00e7\u00e3o dos produtos fabricados na Zona Franca de Manaus.<\/p>\n<p>Isso n\u00e3o significa apenas trocar nomes. Muda a estrutura da tributa\u00e7\u00e3o sobre consumo. Sai um modelo marcado por sobreposi\u00e7\u00f5es, regras diferentes entre entes e discuss\u00f5es frequentes. Entra uma tentativa de organizar o jogo.<\/p>\n<blockquote><p>Menos camadas. Mais clareza.<\/p><\/blockquote>\n<p>Em muitas pesquisas que acompanhei, a dor maior do varejo n\u00e3o estava s\u00f3 no valor pago, mas na dificuldade de entender o que estava sendo pago. Para quem emite documentos fiscais, acompanha estoque e precisa fechar caixa com seguran\u00e7a, essa mudan\u00e7a pesa bastante. Inclusive, para quem quer refor\u00e7ar a rotina fiscal, vale acompanhar conte\u00fados de gest\u00e3o para lojas que ajudam a conectar obriga\u00e7\u00e3o tribut\u00e1ria e opera\u00e7\u00e3o.<\/p>\n<h2>Os objetivos da reforma<\/h2>\n<p>Eu vejo quatro metas centrais no novo modelo. Elas ajudam a entender por que a reforma foi estruturada desse jeito.<\/p>\n<p>Primeiro, vem a simplifica\u00e7\u00e3o. Em vez de v\u00e1rios tributos com bases e regras pr\u00f3prias, a proposta unifica a cobran\u00e7a sobre o consumo. Depois, aparece a neutralidade, com redu\u00e7\u00e3o da cumulatividade e dos efeitos em cascata, aqueles casos em que o imposto vai sendo somado ao longo da cadeia.<\/p>\n<ul>\n<li>Simplifica\u00e7\u00e3o com unifica\u00e7\u00e3o de tributos.<\/li>\n<li>Neutralidade com menor cumulatividade.<\/li>\n<li>Transpar\u00eancia para empresa e consumidor.<\/li>\n<li>Seguran\u00e7a jur\u00eddica com regras mais consolidadas.<\/li>\n<\/ul>\n<p><strong>A ideia \u00e9 tributar o consumo com menos distor\u00e7\u00f5es, evitando que o imposto se acumule de forma escondida ao longo da cadeia.<\/strong><\/p>\n<p>Tamb\u00e9m h\u00e1 a transpar\u00eancia. O tributo tende a ficar mais vis\u00edvel, o que melhora o entendimento sobre pre\u00e7o e carga fiscal. Por fim, a seguran\u00e7a jur\u00eddica busca reduzir lit\u00edgios, j\u00e1 que regras mais uniformes costumam gerar menos conflito de interpreta\u00e7\u00e3o.<\/p>\n<h2>Como o modelo se aproxima do padr\u00e3o internacional<\/h2>\n<p>Eu acho esse ponto pouco comentado fora do meio t\u00e9cnico. A reforma se aproxima de recomenda\u00e7\u00f5es da OCDE ao adotar um IVA amplo, n\u00e3o cumulativo e com cr\u00e9dito financeiro integral. Em linguagem simples, isso quer dizer que o imposto passa a seguir uma l\u00f3gica mais limpa de cr\u00e9ditos e d\u00e9bitos, com base no lugar de consumo.<\/p>\n<p>Esse desenho favorece a justi\u00e7a fiscal e tamb\u00e9m desonera exporta\u00e7\u00f5es. Hoje, res\u00edduos tribut\u00e1rios podem ficar embutidos em opera\u00e7\u00f5es exportadas. A proposta \u00e9 eliminar esse res\u00edduo, o que tende a melhorar a neutralidade econ\u00f4mica.<\/p>\n<p><strong>O novo sistema busca tributar no destino, isto \u00e9, no local de consumo, e n\u00e3o na origem da produ\u00e7\u00e3o.<\/strong><\/p>\n<p>Para o varejo, isso pede aten\u00e7\u00e3o aos cadastros e \u00e0 emiss\u00e3o correta. Um erro de classifica\u00e7\u00e3o ou documento pode afetar cr\u00e9dito, apura\u00e7\u00e3o e confer\u00eancia. Por isso, eu costumo defender processos bem amarrados desde j\u00e1, inclusive na emiss\u00e3o. Se esse \u00e9 um ponto sens\u00edvel na sua opera\u00e7\u00e3o, o conte\u00fado sobre emitir nota fiscal em lojas f\u00edsicas ajuda a enxergar como a pr\u00e1tica fiscal se conecta com a rotina do balc\u00e3o.<\/p>\n<p><img decoding=\"async\" src=\"https:\/\/ixymyhazbhztpjnlxmbd.supabase.co\/storage\/v1\/object\/images\/generated\/painel-tributario-digital-167.webp\" alt=\"Painel fiscal digital com gr\u00e1ficos e documentos \"><\/p>\n<h2>A ideia de Administra\u00e7\u00e3o Tribut\u00e1ria 3.0<\/h2>\n<p>Uma parte da reforma que eu considero muito relevante \u00e9 a chamada Administra\u00e7\u00e3o Tribut\u00e1ria 3.0. O nome parece t\u00e9cnico, mas o conceito \u00e9 direto: mais digitaliza\u00e7\u00e3o, menos papel, menos retrabalho e mais dados circulando em tempo real.<\/p>\n<p>Nesse ambiente, a tend\u00eancia \u00e9 ver:<\/p>\n<ul>\n<li>Menos declara\u00e7\u00f5es e obriga\u00e7\u00f5es acess\u00f3rias;<\/li>\n<li>Informa\u00e7\u00f5es transmitidas em tempo real;<\/li>\n<li>Integra\u00e7\u00e3o entre Uni\u00e3o, estados e munic\u00edpios;<\/li>\n<li>Colabora\u00e7\u00e3o maior entre fisco e contribuinte;<\/li>\n<li>Fiscaliza\u00e7\u00e3o preditiva e preventiva;<\/li>\n<li>Automa\u00e7\u00e3o para reduzir o custo de conformidade.<\/li>\n<\/ul>\n<p>Eu j\u00e1 vi empresas sofrerem mais com a desorganiza\u00e7\u00e3o interna do que com a regra em si. Quando o neg\u00f3cio n\u00e3o tem relat\u00f3rios claros, a adapta\u00e7\u00e3o fica lenta. Por isso, faz sentido revisar indicadores e acompanhar materiais sobre o risco de n\u00e3o ter relat\u00f3rios gerenciais. No Gestor Loja, por exemplo, a proposta de centralizar dados de vendas, notas e relat\u00f3rios conversa bem com essa nova fase digital.<\/p>\n<h2>Transi\u00e7\u00e3o e desafios pr\u00e1ticos<\/h2>\n<p>Nenhuma mudan\u00e7a desse tamanho acontece sem tens\u00e3o. Eu seria irrealista se dissesse o contr\u00e1rio. A fase de transi\u00e7\u00e3o vai exigir investimento em tecnologia, revis\u00e3o de processos e treinamento de equipes. Quem cadastra produto, emite nota, controla credi\u00e1rio ou fecha relat\u00f3rios ter\u00e1 de entender novas rotinas.<\/p>\n<p>Em pequenas e m\u00e9dias lojas, isso aparece de forma muito concreta:<\/p>\n<ul>\n<li>Revis\u00e3o de cadastro tribut\u00e1rio de produtos;<\/li>\n<li>Ajustes no ERP e nas integra\u00e7\u00f5es fiscais;<\/li>\n<li>Treinamento da equipe administrativa e do caixa;<\/li>\n<li>Confer\u00eancia de documentos e cr\u00e9ditos;<\/li>\n<li>Adapta\u00e7\u00e3o de relat\u00f3rios para nova leitura tribut\u00e1ria.<\/li>\n<\/ul>\n<p>Eu penso que o melhor caminho \u00e9 come\u00e7ar antes do aperto. N\u00e3o para antecipar uma dor, mas para evitar improviso. Se a loja trabalha com vendas parceladas e acompanhamento de recebimentos, tamb\u00e9m vale refor\u00e7ar a leitura de dados financeiros, como mostra este conte\u00fado sobre relat\u00f3rios para controle de credi\u00e1rio mensal.<\/p>\n<h2>Cronograma da implementa\u00e7\u00e3o<\/h2>\n<p>As datas fazem toda a diferen\u00e7a. Quando eu explico a reforma, gosto de colocar a linha do tempo de forma simples.<\/p>\n<ol>\n<li>Em 2026, haver\u00e1 teste da CBS e do IBS, com al\u00edquotas de 0,9% e 0,1%, respectivamente, compensadas pelo valor de PIS e Cofins.<\/li>\n<li>Em 2027 e 2028, ocorre a cobran\u00e7a inicial do IBS com al\u00edquota de 0,1%, a extin\u00e7\u00e3o de PIS e Cofins, a redu\u00e7\u00e3o a zero do IPI, salvo exce\u00e7\u00e3o da Zona Franca de Manaus, e o in\u00edcio do IS.<\/li>\n<li>De 2029 a 2032, acontece a transi\u00e7\u00e3o gradual de ICMS e ISS para o IBS, com aumento da al\u00edquota do IBS de 10% para 40% e redu\u00e7\u00e3o de ICMS e ISS de 90% para 60%.<\/li>\n<li>Em 2033, o novo modelo entra em plena vig\u00eancia, com extin\u00e7\u00e3o do ICMS e do ISS.<\/li>\n<\/ol>\n<p>Esse calend\u00e1rio mostra uma tentativa de adapta\u00e7\u00e3o progressiva. Ainda assim, eu vejo risco para quem deixar tudo para a \u00faltima hora. A parte fiscal vai exigir aten\u00e7\u00e3o redobrada na emiss\u00e3o correta de documentos. Para evitar erros operacionais, recomendo acompanhar tamb\u00e9m este material sobre emitir nota fiscal eletr\u00f4nica sem erros em 2026.<\/p>\n<p><img decoding=\"async\" src=\"https:\/\/ixymyhazbhztpjnlxmbd.supabase.co\/storage\/v1\/object\/images\/generated\/calendario-reforma-tributaria-319.webp\" alt=\"Calend\u00e1rio com etapas da reforma tribut\u00e1ria \"><\/p>\n<h2>Conclus\u00e3o<\/h2>\n<p>A Reforma Tribut\u00e1ria do Consumo tenta construir um sistema mais simples, mais transparente e com menos conflito. Eu vejo valor nisso, principalmente para empresas que precisam de previsibilidade para vender, emitir, apurar e crescer com mais seguran\u00e7a. O caminho at\u00e9 2033 ainda ter\u00e1 ajustes e aprendizado, mas a dire\u00e7\u00e3o \u00e9 clara: digitaliza\u00e7\u00e3o total, menos cumulatividade, integra\u00e7\u00e3o entre fiscos e um ambiente tribut\u00e1rio mais moderno.<\/p>\n<p>Para o lojista, a melhor resposta n\u00e3o \u00e9 esperar. \u00c9 organizar cadastro, revisar processos e contar com tecnologia preparada para essa nova fase. Se voc\u00ea quer entender como isso pode funcionar na pr\u00e1tica da sua opera\u00e7\u00e3o, vale conhecer melhor o Gestor Loja e ver como a gest\u00e3o centralizada pode ajudar sua empresa a atravessar essa mudan\u00e7a com mais controle.<\/p>\n<h2 class=\"question\">Perguntas frequentes<\/h2>\n<h3 class=\"question\">O que \u00e9 a CBS na reforma tribut\u00e1ria?<\/h3>\n<p class=\"answer\">A CBS \u00e9 a Contribui\u00e7\u00e3o sobre Bens e Servi\u00e7os, de compet\u00eancia federal. Ela substitui tributos federais sobre o consumo, como PIS\/PASEP e Cofins. Seu desenho segue a l\u00f3gica de um IVA n\u00e3o cumulativo, permitindo cr\u00e9dito financeiro integral conforme as regras do novo sistema.<\/p>\n<h3 class=\"question\">Como funciona o IBS para empresas?<\/h3>\n<p class=\"answer\">O IBS \u00e9 o Imposto sobre Bens e Servi\u00e7os, com gest\u00e3o estadual e municipal. Para as empresas, ele tende a substituir ICMS e ISS, com cobran\u00e7a baseada no destino, ou seja, no local de consumo. Na pr\u00e1tica, isso muda apura\u00e7\u00e3o, cr\u00e9dito e emiss\u00e3o fiscal, exigindo sistemas atualizados e cadastros bem revisados.<\/p>\n<h3 class=\"question\">Quais setores ser\u00e3o mais impactados?<\/h3>\n<p class=\"answer\">Os impactos alcan\u00e7am muitos setores, mas eu acredito que com\u00e9rcio, servi\u00e7os, ind\u00fastria e opera\u00e7\u00f5es com v\u00e1rias etapas de circula\u00e7\u00e3o sentir\u00e3o bastante a transi\u00e7\u00e3o. Lojas que dependem de emiss\u00e3o fiscal frequente, controle de estoque, credi\u00e1rio e integra\u00e7\u00e3o entre canais precisar\u00e3o ajustar processos e tecnologia com anteced\u00eancia.<\/p>\n<h3 class=\"question\">Quando entra em vigor a nova tributa\u00e7\u00e3o?<\/h3>\n<p class=\"answer\">O teste come\u00e7a em 2026, com CBS a 0,9% e IBS a 0,1%, compensados por PIS e Cofins. Em 2027 e 2028, come\u00e7a a cobran\u00e7a inicial do IBS, PIS e Cofins s\u00e3o extintos, o IPI vai a zero, salvo exce\u00e7\u00e3o da Zona Franca de Manaus, e o IS passa a valer. De 2029 a 2032 ocorre a transi\u00e7\u00e3o de ICMS e ISS para IBS. Em 2033, o novo modelo entra em vigor por completo.<\/p>\n<h3 class=\"question\">Como calcular o novo imposto IS?<\/h3>\n<p class=\"answer\">O IS, Imposto Seletivo, ter\u00e1 c\u00e1lculo definido conforme produto, opera\u00e7\u00e3o e al\u00edquota aplic\u00e1vel a itens considerados prejudiciais \u00e0 sa\u00fade ou ao meio ambiente. Ele pode alcan\u00e7ar produ\u00e7\u00e3o, extra\u00e7\u00e3o, comercializa\u00e7\u00e3o e importa\u00e7\u00e3o. Como a regulamenta\u00e7\u00e3o detalhada orienta a forma de c\u00e1lculo, a empresa precisar\u00e1 acompanhar as regras do seu segmento e manter o sistema fiscal atualizado para apura\u00e7\u00e3o correta.<\/p>\n","protected":false},"excerpt":{"rendered":"<p>Conhe\u00e7a as mudan\u00e7as da Reforma Tribut\u00e1ria do Consumo: CBS, IBS e IS, e o impacto na simplifica\u00e7\u00e3o e neutralidade fiscal.<\/p>\n","protected":false},"author":6,"featured_media":7480,"comment_status":"closed","ping_status":"closed","sticky":false,"template":"","format":"standard","meta":{"_joinchat":[],"footnotes":""},"categories":[111],"tags":[],"class_list":["post-7479","post","type-post","status-publish","format-standard","has-post-thumbnail","hentry","category-gestao"],"yoast_head":"<!-- This site is optimized with the Yoast SEO plugin v27.2 - https:\/\/yoast.com\/product\/yoast-seo-wordpress\/ -->\n<title>Reforma Tribut\u00e1ria do Consumo: guia pr\u00e1tico sobre CBS, IBS e IS - Talto<\/title>\n<meta name=\"robots\" content=\"index, follow, max-snippet:-1, max-image-preview:large, max-video-preview:-1\" \/>\n<link rel=\"canonical\" href=\"https:\/\/www.gestorloja.com.br\/blog\/reforma-tributaria-consumo-guia-cbs-ibs-is\/\" \/>\n<meta property=\"og:locale\" content=\"pt_BR\" \/>\n<meta property=\"og:type\" content=\"article\" \/>\n<meta property=\"og:title\" content=\"Reforma Tribut\u00e1ria do Consumo: guia pr\u00e1tico sobre CBS, IBS e IS - Talto\" \/>\n<meta property=\"og:description\" content=\"Conhe\u00e7a as mudan\u00e7as da Reforma Tribut\u00e1ria do Consumo: CBS, IBS e IS, e o impacto na simplifica\u00e7\u00e3o e neutralidade fiscal.\" \/>\n<meta property=\"og:url\" content=\"https:\/\/www.gestorloja.com.br\/blog\/reforma-tributaria-consumo-guia-cbs-ibs-is\/\" \/>\n<meta property=\"og:site_name\" content=\"Talto\" \/>\n<meta property=\"article:published_time\" content=\"2026-08-05T14:30:00+00:00\" \/>\n<meta property=\"article:modified_time\" content=\"2026-08-05T14:30:05+00:00\" \/>\n<meta property=\"og:image\" content=\"https:\/\/www.gestorloja.com.br\/blog\/wp-content\/uploads\/2026\/07\/reforma-tributaria-consumo-graficos-149.webp\" \/>\n\t<meta property=\"og:image:width\" content=\"1216\" \/>\n\t<meta property=\"og:image:height\" content=\"640\" \/>\n\t<meta property=\"og:image:type\" content=\"image\/webp\" \/>\n<meta name=\"author\" content=\"Thiago Ribeiro\" \/>\n<meta name=\"twitter:card\" content=\"summary_large_image\" \/>\n<meta name=\"twitter:label1\" content=\"Escrito por\" \/>\n\t<meta name=\"twitter:data1\" content=\"Thiago Ribeiro\" \/>\n\t<meta name=\"twitter:label2\" content=\"Est. tempo de leitura\" \/>\n\t<meta name=\"twitter:data2\" content=\"9 minutos\" \/>\n<script type=\"application\/ld+json\" class=\"yoast-schema-graph\">{\"@context\":\"https:\/\/schema.org\",\"@graph\":[{\"@type\":\"Article\",\"@id\":\"https:\/\/www.gestorloja.com.br\/blog\/reforma-tributaria-consumo-guia-cbs-ibs-is\/#article\",\"isPartOf\":{\"@id\":\"https:\/\/www.gestorloja.com.br\/blog\/reforma-tributaria-consumo-guia-cbs-ibs-is\/\"},\"author\":{\"name\":\"Thiago Ribeiro\",\"@id\":\"https:\/\/www.gestorloja.com.br\/blog\/#\/schema\/person\/a6a135d8479121ae6eb2e55e4df21d83\"},\"headline\":\"Reforma Tribut\u00e1ria do Consumo: guia pr\u00e1tico sobre CBS, IBS e IS\",\"datePublished\":\"2026-08-05T14:30:00+00:00\",\"dateModified\":\"2026-08-05T14:30:05+00:00\",\"mainEntityOfPage\":{\"@id\":\"https:\/\/www.gestorloja.com.br\/blog\/reforma-tributaria-consumo-guia-cbs-ibs-is\/\"},\"wordCount\":1743,\"image\":{\"@id\":\"https:\/\/www.gestorloja.com.br\/blog\/reforma-tributaria-consumo-guia-cbs-ibs-is\/#primaryimage\"},\"thumbnailUrl\":\"https:\/\/www.gestorloja.com.br\/blog\/wp-content\/uploads\/2026\/07\/reforma-tributaria-consumo-graficos-149.webp\",\"articleSection\":[\"Gest\u00e3o\"],\"inLanguage\":\"pt-BR\"},{\"@type\":\"WebPage\",\"@id\":\"https:\/\/www.gestorloja.com.br\/blog\/reforma-tributaria-consumo-guia-cbs-ibs-is\/\",\"url\":\"https:\/\/www.gestorloja.com.br\/blog\/reforma-tributaria-consumo-guia-cbs-ibs-is\/\",\"name\":\"Reforma Tribut\u00e1ria do Consumo: guia pr\u00e1tico sobre CBS, IBS e IS - Talto\",\"isPartOf\":{\"@id\":\"https:\/\/www.gestorloja.com.br\/blog\/#website\"},\"primaryImageOfPage\":{\"@id\":\"https:\/\/www.gestorloja.com.br\/blog\/reforma-tributaria-consumo-guia-cbs-ibs-is\/#primaryimage\"},\"image\":{\"@id\":\"https:\/\/www.gestorloja.com.br\/blog\/reforma-tributaria-consumo-guia-cbs-ibs-is\/#primaryimage\"},\"thumbnailUrl\":\"https:\/\/www.gestorloja.com.br\/blog\/wp-content\/uploads\/2026\/07\/reforma-tributaria-consumo-graficos-149.webp\",\"datePublished\":\"2026-08-05T14:30:00+00:00\",\"dateModified\":\"2026-08-05T14:30:05+00:00\",\"author\":{\"@id\":\"https:\/\/www.gestorloja.com.br\/blog\/#\/schema\/person\/a6a135d8479121ae6eb2e55e4df21d83\"},\"breadcrumb\":{\"@id\":\"https:\/\/www.gestorloja.com.br\/blog\/reforma-tributaria-consumo-guia-cbs-ibs-is\/#breadcrumb\"},\"inLanguage\":\"pt-BR\",\"potentialAction\":[{\"@type\":\"ReadAction\",\"target\":[\"https:\/\/www.gestorloja.com.br\/blog\/reforma-tributaria-consumo-guia-cbs-ibs-is\/\"]}]},{\"@type\":\"ImageObject\",\"inLanguage\":\"pt-BR\",\"@id\":\"https:\/\/www.gestorloja.com.br\/blog\/reforma-tributaria-consumo-guia-cbs-ibs-is\/#primaryimage\",\"url\":\"https:\/\/www.gestorloja.com.br\/blog\/wp-content\/uploads\/2026\/07\/reforma-tributaria-consumo-graficos-149.webp\",\"contentUrl\":\"https:\/\/www.gestorloja.com.br\/blog\/wp-content\/uploads\/2026\/07\/reforma-tributaria-consumo-graficos-149.webp\",\"width\":1216,\"height\":640,\"caption\":\"Ilustra\u00e7\u00e3o conceitual com gr\u00e1fico de barras colorido mostrando transi\u00e7\u00e3o entre diferentes impostos\"},{\"@type\":\"BreadcrumbList\",\"@id\":\"https:\/\/www.gestorloja.com.br\/blog\/reforma-tributaria-consumo-guia-cbs-ibs-is\/#breadcrumb\",\"itemListElement\":[{\"@type\":\"ListItem\",\"position\":1,\"name\":\"In\u00edcio\",\"item\":\"https:\/\/www.gestorloja.com.br\/blog\/\"},{\"@type\":\"ListItem\",\"position\":2,\"name\":\"Reforma Tribut\u00e1ria do Consumo: guia pr\u00e1tico sobre CBS, IBS e IS\"}]},{\"@type\":\"WebSite\",\"@id\":\"https:\/\/www.gestorloja.com.br\/blog\/#website\",\"url\":\"https:\/\/www.gestorloja.com.br\/blog\/\",\"name\":\"Talto\",\"description\":\"Solu\u00e7\u00f5es para automa\u00e7\u00e3o comercial\",\"potentialAction\":[{\"@type\":\"SearchAction\",\"target\":{\"@type\":\"EntryPoint\",\"urlTemplate\":\"https:\/\/www.gestorloja.com.br\/blog\/?s={search_term_string}\"},\"query-input\":{\"@type\":\"PropertyValueSpecification\",\"valueRequired\":true,\"valueName\":\"search_term_string\"}}],\"inLanguage\":\"pt-BR\"},{\"@type\":\"Person\",\"@id\":\"https:\/\/www.gestorloja.com.br\/blog\/#\/schema\/person\/a6a135d8479121ae6eb2e55e4df21d83\",\"name\":\"Thiago Ribeiro\",\"url\":\"https:\/\/www.gestorloja.com.br\/blog\/author\/talto\/\"}]}<\/script>\n<!-- \/ Yoast SEO plugin. -->","yoast_head_json":{"title":"Reforma Tribut\u00e1ria do Consumo: guia pr\u00e1tico sobre CBS, IBS e IS - Talto","robots":{"index":"index","follow":"follow","max-snippet":"max-snippet:-1","max-image-preview":"max-image-preview:large","max-video-preview":"max-video-preview:-1"},"canonical":"https:\/\/www.gestorloja.com.br\/blog\/reforma-tributaria-consumo-guia-cbs-ibs-is\/","og_locale":"pt_BR","og_type":"article","og_title":"Reforma Tribut\u00e1ria do Consumo: guia pr\u00e1tico sobre CBS, IBS e IS - Talto","og_description":"Conhe\u00e7a as mudan\u00e7as da Reforma Tribut\u00e1ria do Consumo: CBS, IBS e IS, e o impacto na simplifica\u00e7\u00e3o e neutralidade fiscal.","og_url":"https:\/\/www.gestorloja.com.br\/blog\/reforma-tributaria-consumo-guia-cbs-ibs-is\/","og_site_name":"Talto","article_published_time":"2026-08-05T14:30:00+00:00","article_modified_time":"2026-08-05T14:30:05+00:00","og_image":[{"width":1216,"height":640,"url":"https:\/\/www.gestorloja.com.br\/blog\/wp-content\/uploads\/2026\/07\/reforma-tributaria-consumo-graficos-149.webp","type":"image\/webp"}],"author":"Thiago Ribeiro","twitter_card":"summary_large_image","twitter_misc":{"Escrito por":"Thiago Ribeiro","Est. tempo de leitura":"9 minutos"},"schema":{"@context":"https:\/\/schema.org","@graph":[{"@type":"Article","@id":"https:\/\/www.gestorloja.com.br\/blog\/reforma-tributaria-consumo-guia-cbs-ibs-is\/#article","isPartOf":{"@id":"https:\/\/www.gestorloja.com.br\/blog\/reforma-tributaria-consumo-guia-cbs-ibs-is\/"},"author":{"name":"Thiago Ribeiro","@id":"https:\/\/www.gestorloja.com.br\/blog\/#\/schema\/person\/a6a135d8479121ae6eb2e55e4df21d83"},"headline":"Reforma Tribut\u00e1ria do Consumo: guia pr\u00e1tico sobre CBS, IBS e IS","datePublished":"2026-08-05T14:30:00+00:00","dateModified":"2026-08-05T14:30:05+00:00","mainEntityOfPage":{"@id":"https:\/\/www.gestorloja.com.br\/blog\/reforma-tributaria-consumo-guia-cbs-ibs-is\/"},"wordCount":1743,"image":{"@id":"https:\/\/www.gestorloja.com.br\/blog\/reforma-tributaria-consumo-guia-cbs-ibs-is\/#primaryimage"},"thumbnailUrl":"https:\/\/www.gestorloja.com.br\/blog\/wp-content\/uploads\/2026\/07\/reforma-tributaria-consumo-graficos-149.webp","articleSection":["Gest\u00e3o"],"inLanguage":"pt-BR"},{"@type":"WebPage","@id":"https:\/\/www.gestorloja.com.br\/blog\/reforma-tributaria-consumo-guia-cbs-ibs-is\/","url":"https:\/\/www.gestorloja.com.br\/blog\/reforma-tributaria-consumo-guia-cbs-ibs-is\/","name":"Reforma Tribut\u00e1ria do Consumo: guia pr\u00e1tico sobre CBS, IBS e IS - Talto","isPartOf":{"@id":"https:\/\/www.gestorloja.com.br\/blog\/#website"},"primaryImageOfPage":{"@id":"https:\/\/www.gestorloja.com.br\/blog\/reforma-tributaria-consumo-guia-cbs-ibs-is\/#primaryimage"},"image":{"@id":"https:\/\/www.gestorloja.com.br\/blog\/reforma-tributaria-consumo-guia-cbs-ibs-is\/#primaryimage"},"thumbnailUrl":"https:\/\/www.gestorloja.com.br\/blog\/wp-content\/uploads\/2026\/07\/reforma-tributaria-consumo-graficos-149.webp","datePublished":"2026-08-05T14:30:00+00:00","dateModified":"2026-08-05T14:30:05+00:00","author":{"@id":"https:\/\/www.gestorloja.com.br\/blog\/#\/schema\/person\/a6a135d8479121ae6eb2e55e4df21d83"},"breadcrumb":{"@id":"https:\/\/www.gestorloja.com.br\/blog\/reforma-tributaria-consumo-guia-cbs-ibs-is\/#breadcrumb"},"inLanguage":"pt-BR","potentialAction":[{"@type":"ReadAction","target":["https:\/\/www.gestorloja.com.br\/blog\/reforma-tributaria-consumo-guia-cbs-ibs-is\/"]}]},{"@type":"ImageObject","inLanguage":"pt-BR","@id":"https:\/\/www.gestorloja.com.br\/blog\/reforma-tributaria-consumo-guia-cbs-ibs-is\/#primaryimage","url":"https:\/\/www.gestorloja.com.br\/blog\/wp-content\/uploads\/2026\/07\/reforma-tributaria-consumo-graficos-149.webp","contentUrl":"https:\/\/www.gestorloja.com.br\/blog\/wp-content\/uploads\/2026\/07\/reforma-tributaria-consumo-graficos-149.webp","width":1216,"height":640,"caption":"Ilustra\u00e7\u00e3o conceitual com gr\u00e1fico de barras colorido mostrando transi\u00e7\u00e3o entre diferentes impostos"},{"@type":"BreadcrumbList","@id":"https:\/\/www.gestorloja.com.br\/blog\/reforma-tributaria-consumo-guia-cbs-ibs-is\/#breadcrumb","itemListElement":[{"@type":"ListItem","position":1,"name":"In\u00edcio","item":"https:\/\/www.gestorloja.com.br\/blog\/"},{"@type":"ListItem","position":2,"name":"Reforma Tribut\u00e1ria do Consumo: guia pr\u00e1tico sobre CBS, IBS e IS"}]},{"@type":"WebSite","@id":"https:\/\/www.gestorloja.com.br\/blog\/#website","url":"https:\/\/www.gestorloja.com.br\/blog\/","name":"Talto","description":"Solu\u00e7\u00f5es para automa\u00e7\u00e3o comercial","potentialAction":[{"@type":"SearchAction","target":{"@type":"EntryPoint","urlTemplate":"https:\/\/www.gestorloja.com.br\/blog\/?s={search_term_string}"},"query-input":{"@type":"PropertyValueSpecification","valueRequired":true,"valueName":"search_term_string"}}],"inLanguage":"pt-BR"},{"@type":"Person","@id":"https:\/\/www.gestorloja.com.br\/blog\/#\/schema\/person\/a6a135d8479121ae6eb2e55e4df21d83","name":"Thiago Ribeiro","url":"https:\/\/www.gestorloja.com.br\/blog\/author\/talto\/"}]}},"_links":{"self":[{"href":"https:\/\/www.gestorloja.com.br\/blog\/wp-json\/wp\/v2\/posts\/7479","targetHints":{"allow":["GET"]}}],"collection":[{"href":"https:\/\/www.gestorloja.com.br\/blog\/wp-json\/wp\/v2\/posts"}],"about":[{"href":"https:\/\/www.gestorloja.com.br\/blog\/wp-json\/wp\/v2\/types\/post"}],"author":[{"embeddable":true,"href":"https:\/\/www.gestorloja.com.br\/blog\/wp-json\/wp\/v2\/users\/6"}],"replies":[{"embeddable":true,"href":"https:\/\/www.gestorloja.com.br\/blog\/wp-json\/wp\/v2\/comments?post=7479"}],"version-history":[{"count":0,"href":"https:\/\/www.gestorloja.com.br\/blog\/wp-json\/wp\/v2\/posts\/7479\/revisions"}],"wp:featuredmedia":[{"embeddable":true,"href":"https:\/\/www.gestorloja.com.br\/blog\/wp-json\/wp\/v2\/media\/7480"}],"wp:attachment":[{"href":"https:\/\/www.gestorloja.com.br\/blog\/wp-json\/wp\/v2\/media?parent=7479"}],"wp:term":[{"taxonomy":"category","embeddable":true,"href":"https:\/\/www.gestorloja.com.br\/blog\/wp-json\/wp\/v2\/categories?post=7479"},{"taxonomy":"post_tag","embeddable":true,"href":"https:\/\/www.gestorloja.com.br\/blog\/wp-json\/wp\/v2\/tags?post=7479"}],"curies":[{"name":"wp","href":"https:\/\/api.w.org\/{rel}","templated":true}]}}